{"id":698,"date":"2019-06-07T22:08:10","date_gmt":"2019-06-07T20:08:10","guid":{"rendered":"http:\/\/www.armandinechasle.fr\/blog\/?p=698"},"modified":"2021-03-14T20:17:00","modified_gmt":"2021-03-14T19:17:00","slug":"les-artistes-ont-ils-vraiment-besoin-de-manger-collectif","status":"publish","type":"post","link":"http:\/\/www.armandinechasle.fr\/blog\/les-artistes-ont-ils-vraiment-besoin-de-manger-collectif\/","title":{"rendered":"Les artistes ont-ils vraiment besoin de manger ? Collectif (2018)"},"content":{"rendered":"\n<h4 class=\"wp-block-heading\">ENFIN ! Avec plusieurs interviews d&#8217;artistes de tout bords, cet ouvrage met en avant le fait que \u00eatre artiste n&#8217;influence pas seulement la cr\u00e9ation, mais aussi les mani\u00e8res de vivre.<br><br><\/h4>\n\n\n\n<p>Ils sont trente-et-un artistes a avoir r\u00e9pondu\u00b7e\u00b7s aux questions de Martin Page et sa maison d&#8217;\u00e9dition Monstrograph. Parmi eux des \u00e9crivain\u00b7e\u00b7s, dessinateur\u00b7trice\u00b7s, plasticien\u00b7ne\u00b7s, musicien\u00b7ne\u00b7s, traducteur\u00b7trice\u00b7s, etc. Tout\u00b7e\u00b7s se sont pr\u00eat\u00e9\u00b7e\u00b7s au jeu, ont r\u00e9pondu\u00b7e\u00b7s aux diff\u00e9rentes questions parfois professionnelles et souvent personnelles. Chaque interview commence par cette question : &#8220;<em>Que r\u00e9ponds-tu quand on te demande quel est ton m\u00e9tier ?<\/em>&#8221; &#8230;et&nbsp;les&nbsp;questions&nbsp;s&#8217;encha\u00eenent : <em>&#8220;Qu&#8217;est&nbsp;ce&nbsp;que&nbsp;tu&nbsp;sauves&nbsp;?&#8221;,&nbsp;<\/em><br><em>&#8220;Qu&#8217;est-ce&nbsp;qui&nbsp;pourrait&nbsp;te&nbsp;faire&nbsp;abandonner&nbsp;?&#8221;,&nbsp;<\/em><br><em>&#8220;D&#8217;o\u00f9&nbsp;viennent&nbsp;tes&nbsp;revenus&nbsp;?&#8221;<\/em>,&nbsp;etc. <br>Et les interview\u00e9\u00b7e\u00b7s ne m\u00e2chent pas leurs mots, ici pas de faux-semblants ou de mensonges, le statut d&#8217;artiste et ses m\u00e9andres y est expliqu\u00e9 et ce, diff\u00e9remment, par les exp\u00e9riences de chacun.<br><br>Cet ouvrage est une v\u00e9ritable bouff\u00e9e d&#8217;air frais ! Car nous sommes nombreux\u00b7se\u00b7s \u00e0 &#8220;\u00eatre artiste&#8221;, \u00e0 cr\u00e9er autant que faire ce peux, mais tr\u00e8s souvent la question des revenus, des moyens de subsistances -qu&#8217;ils soient financiers ou humains- ne sont pas abord\u00e9s. Car certains d&#8217;entre-nous ont besoin d&#8217;un revenu fixe pour cr\u00e9er dans de bonnes conditions, parce que d&#8217;autres ont une vie maritale qui leur permet de tenter l&#8217;aventure de nouveaux projets cr\u00e9atifs. <br>Parce que la seule v\u00e9rit\u00e9 qui n&#8217;est ni apprise dans les \u00e9coles d&#8217;art et -avant aujourd&#8217;hui- jamais dans les livres, c&#8217;est que vouer du temps \u00e0 la cr\u00e9ation influence consid\u00e9rablement la vie quotidienne des artistes, mais aussi de leurs familles et m\u00eame de leurs entourages.<br><br><\/p>\n\n\n\n<figure class=\"wp-block-image\"><img decoding=\"async\" loading=\"lazy\" width=\"1024\" height=\"360\" src=\"http:\/\/www.armandinechasle.fr\/blog\/wp-content\/uploads\/2019\/06\/Capture-d\u2019e\u0301cran-2019-06-11-a\u0300-01.06.40-1024x360.png\" alt=\"\" class=\"wp-image-701\" srcset=\"http:\/\/www.armandinechasle.fr\/blog\/wp-content\/uploads\/2019\/06\/Capture-d\u2019e\u0301cran-2019-06-11-a\u0300-01.06.40-1024x360.png 1024w, http:\/\/www.armandinechasle.fr\/blog\/wp-content\/uploads\/2019\/06\/Capture-d\u2019e\u0301cran-2019-06-11-a\u0300-01.06.40-300x106.png 300w, http:\/\/www.armandinechasle.fr\/blog\/wp-content\/uploads\/2019\/06\/Capture-d\u2019e\u0301cran-2019-06-11-a\u0300-01.06.40-768x270.png 768w, http:\/\/www.armandinechasle.fr\/blog\/wp-content\/uploads\/2019\/06\/Capture-d\u2019e\u0301cran-2019-06-11-a\u0300-01.06.40.png 1077w\" sizes=\"(max-width: 1024px) 100vw, 1024px\" \/><figcaption>Extrait de la rencontre le vendredi 25 janvier 2019 \u00e0 la Maison de la Po\u00e9sie, avec Martin Page, Fran\u00e7ois Bon, Julie Bonnie &amp; Mathieu Simonet<br><a href=\"https:\/\/soundcloud.com\/maison-de-la-poesie\/les-artistes-ont-ils-vraiment-besoin-de-manger\">https:\/\/soundcloud.com\/maison-de-la-poesie\/les-artistes-ont-ils-vraiment-besoin-de-manger<\/a><\/figcaption><\/figure>\n\n\n\n<p><br>Liste des artistes qui se sont pr\u00eat\u00e9\u00b7e\u00b7s au jeu : Thomas Vinau, Peggy Vialat, Ma\u00ebva Tur, Antoine Tharreau, Mathieu Simonet,&nbsp;Ryoko Sekiguchi, Laurent Sagalovitsch, C\u00e9cile Roumigui\u00e8re, Dominique Rocher, Melle Pigut, Coline Pierr\u00e9, Eric Pessan, Eddy Pallaro, Martin Page, Justine Niogret,&nbsp;Marc Molk,&nbsp;Marie Lafor\u00eat,&nbsp;Julia Kerninon, Neil Jomunsi, Emmanuelle Houdart, Roland Glasser, Lo\u00efc Froissart,&nbsp;Quentin Faucompr\u00e9,&nbsp;Amandine Dh\u00e9e, Fanny Chiarello, Julie Bonnie, Sandrine Bonini,&nbsp;Francois Bon, Rodrigo Bernardo, Cl\u00e9mentine Beauvais, Audrey Alwett et d&#8217;autres sur <a href=\"https:\/\/www.monstrograph.com\/category\/les-artistes-ont-ils-vraiment-besoin-de-manger\/\">ce blog<\/a>.<br><br><\/p>\n\n\n\n<figure class=\"wp-block-embed-wordpress wp-block-embed is-type-wp-embed is-provider-monstrograph\"><div class=\"wp-block-embed__wrapper\">\n<blockquote class=\"wp-embedded-content\" data-secret=\"G7ZZXTYFWg\"><a href=\"https:\/\/www.monstrograph.com\/product\/les-artistes-ont-ils-vraiment-besoin-de-manger\/\">Les artistes ont-ils vraiment besoin de manger ? &#8211; Collectif<\/a><\/blockquote><iframe class=\"wp-embedded-content\" sandbox=\"allow-scripts\" security=\"restricted\" style=\"position: absolute; clip: rect(1px, 1px, 1px, 1px);\" src=\"https:\/\/www.monstrograph.com\/product\/les-artistes-ont-ils-vraiment-besoin-de-manger\/embed\/#?secret=G7ZZXTYFWg\" data-secret=\"G7ZZXTYFWg\" width=\"560\" height=\"315\" title=\"\u00ab\u00a0Les artistes ont-ils vraiment besoin de manger ? &#8211; Collectif\u00a0\u00bb &#8212; Monstrograph\" frameborder=\"0\" marginwidth=\"0\" marginheight=\"0\" scrolling=\"no\"><\/iframe>\n<\/div><figcaption>En vente ici ! Et il y a m\u00eame une version \u00e0 2\u20ac pour les plus fauch\u00e9\u00b7e\u00b7s des curieux\u00b7ses !<br><br><\/figcaption><\/figure>\n\n\n\n<p>    <\/p>\n","protected":false},"excerpt":{"rendered":"<p>ENFIN ! Avec plusieurs interviews d&#8217;artistes de tout bords, cet ouvrage met en avant le fait que \u00eatre artiste n&#8217;influence pas seulement la cr\u00e9ation, mais aussi les mani\u00e8res de vivre. Ils sont trente-et-un artistes a avoir r\u00e9pondu\u00b7e\u00b7s aux questions de Martin Page et sa maison d&#8217;\u00e9dition Monstrograph. Parmi eux des \u00e9crivain\u00b7e\u00b7s, dessinateur\u00b7trice\u00b7s, plasticien\u00b7ne\u00b7s, musicien\u00b7ne\u00b7s, traducteur\u00b7trice\u00b7s, [&hellip;]<\/p>\n","protected":false},"author":1,"featured_media":699,"comment_status":"closed","ping_status":"closed","sticky":false,"template":"","format":"standard","meta":[],"categories":[26,15],"tags":[42],"_links":{"self":[{"href":"http:\/\/www.armandinechasle.fr\/blog\/wp-json\/wp\/v2\/posts\/698"}],"collection":[{"href":"http:\/\/www.armandinechasle.fr\/blog\/wp-json\/wp\/v2\/posts"}],"about":[{"href":"http:\/\/www.armandinechasle.fr\/blog\/wp-json\/wp\/v2\/types\/post"}],"author":[{"embeddable":true,"href":"http:\/\/www.armandinechasle.fr\/blog\/wp-json\/wp\/v2\/users\/1"}],"replies":[{"embeddable":true,"href":"http:\/\/www.armandinechasle.fr\/blog\/wp-json\/wp\/v2\/comments?post=698"}],"version-history":[{"count":13,"href":"http:\/\/www.armandinechasle.fr\/blog\/wp-json\/wp\/v2\/posts\/698\/revisions"}],"predecessor-version":[{"id":720,"href":"http:\/\/www.armandinechasle.fr\/blog\/wp-json\/wp\/v2\/posts\/698\/revisions\/720"}],"wp:featuredmedia":[{"embeddable":true,"href":"http:\/\/www.armandinechasle.fr\/blog\/wp-json\/wp\/v2\/media\/699"}],"wp:attachment":[{"href":"http:\/\/www.armandinechasle.fr\/blog\/wp-json\/wp\/v2\/media?parent=698"}],"wp:term":[{"taxonomy":"category","embeddable":true,"href":"http:\/\/www.armandinechasle.fr\/blog\/wp-json\/wp\/v2\/categories?post=698"},{"taxonomy":"post_tag","embeddable":true,"href":"http:\/\/www.armandinechasle.fr\/blog\/wp-json\/wp\/v2\/tags?post=698"}],"curies":[{"name":"wp","href":"https:\/\/api.w.org\/{rel}","templated":true}]}}